{"id":406,"date":"2016-10-05T15:32:54","date_gmt":"2016-10-05T14:32:54","guid":{"rendered":"http:\/\/media-pro.com\/?p=406"},"modified":"2016-10-05T15:39:40","modified_gmt":"2016-10-05T14:39:40","slug":"clip-journees-du-numerique-anlci","status":"publish","type":"post","link":"https:\/\/media-pro.com\/index.php\/2016\/10\/05\/clip-journees-du-numerique-anlci\/","title":{"rendered":"Clip Journ\u00e9es du Num\u00e9rique ANLCI"},"content":{"rendered":"<p>Ce clip de t\u00e9moignages a \u00e9t\u00e9 diffus\u00e9 lors des Journ\u00e9es du Num\u00e9rique pour l'Association Nationale de Lutte contre l'Illettrisme.<\/p>\n","protected":false},"excerpt":{"rendered":"Ce clip de t\u00e9moignages a \u00e9t\u00e9 diffus\u00e9 lors des Journ\u00e9es du Num\u00e9rique pour l'Association Nationale de Lutte contre l'Illettrisme.","protected":false},"author":1,"featured_media":408,"comment_status":"closed","ping_status":"closed","sticky":false,"template":"","format":"video","meta":[],"categories":[6],"tags":[],"_links":{"self":[{"href":"https:\/\/media-pro.com\/index.php\/wp-json\/wp\/v2\/posts\/406"}],"collection":[{"href":"https:\/\/media-pro.com\/index.php\/wp-json\/wp\/v2\/posts"}],"about":[{"href":"https:\/\/media-pro.com\/index.php\/wp-json\/wp\/v2\/types\/post"}],"author":[{"embeddable":true,"href":"https:\/\/media-pro.com\/index.php\/wp-json\/wp\/v2\/users\/1"}],"replies":[{"embeddable":true,"href":"https:\/\/media-pro.com\/index.php\/wp-json\/wp\/v2\/comments?post=406"}],"version-history":[{"count":3,"href":"https:\/\/media-pro.com\/index.php\/wp-json\/wp\/v2\/posts\/406\/revisions"}],"predecessor-version":[{"id":410,"href":"https:\/\/media-pro.com\/index.php\/wp-json\/wp\/v2\/posts\/406\/revisions\/410"}],"wp:featuredmedia":[{"embeddable":true,"href":"https:\/\/media-pro.com\/index.php\/wp-json\/wp\/v2\/media\/408"}],"wp:attachment":[{"href":"https:\/\/media-pro.com\/index.php\/wp-json\/wp\/v2\/media?parent=406"}],"wp:term":[{"taxonomy":"category","embeddable":true,"href":"https:\/\/media-pro.com\/index.php\/wp-json\/wp\/v2\/categories?post=406"},{"taxonomy":"post_tag","embeddable":true,"href":"https:\/\/media-pro.com\/index.php\/wp-json\/wp\/v2\/tags?post=406"}],"curies":[{"name":"wp","href":"https:\/\/api.w.org\/{rel}","templated":true}]}}